{"id":1248,"date":"2025-03-17T09:00:50","date_gmt":"2025-03-17T09:00:50","guid":{"rendered":"https:\/\/project-effector.eu\/?p=1248"},"modified":"2025-12-04T13:09:52","modified_gmt":"2025-12-04T13:09:52","slug":"4-et-5-fevrier-2025-pau-france","status":"publish","type":"post","link":"https:\/\/project-effector.eu\/en\/4-et-5-fevrier-2025-pau-france\/","title":{"rendered":"4 and 5 February 2025, Pau, France"},"content":{"rendered":"\n<p>The EFFECTOR project was officially launched on 4 February 2025, at an opening conference held in the amphitheatre of the Institut des sciences analytiques et de physico-chimie pour l&#8217;environnement et les mat\u00e9riaux (IPREM), in Pau, France.<\/p>\n\n\n\n<p>The conference was opened by Christelle BONNEMASON-CARR\u00c8RE (Deputy Mayor of Pau) on behalf of the French Prime Minister, M. Fran\u00e7ois Bayrou and confirmed the importance of this project. Speeches reinforcing this were given by Prof. Isabelle LE HECHO (University of Pau and Pays de l\u2019Adour \u2013 UPPA representative), Dr. Jean-Marc SOTIROPOULOS (IPREM director). Wishes were expressed to strengthen the bonds between industry and academia, and great success to the EFFECTOR team.<\/p>\n\n\n\n<p>Dr. Roger HIORNS gave an overview of the project objectives stressing the extraordinary responsibility each member of the team has to make EFFECTOR work, given our exceptional diversity and complementarity.<\/p>\n\n\n\n<p>After a speech by the European Project Adviser, Mauricio RICHTER RIOS, who reminded the rules of EU funding, the opening conference was followed by 2 days of meetings of the supervisory board, which worked to launch the project and its various Work packages, in a studious, collaborative and warm atmosphere.<\/p>\n\n\n\n<p>The partners concluded the kick-off meeting with a series of bonding activities and a chance to discover the B\u00e9arn region: axe throwing, B\u00e9arn gastronomy, wine tasting and an electric bike ride through the Juran\u00e7on vineyards. The sun shone brightly over the 2 days, auguring a fruitful collaboration and a bright, successful project!<\/p>\n\n\n\n<p>\u00a9Hiorns1 \u00a9Hiorns2 \u00a9Garcia1 \u00a9DeSousa1<\/p>\n\n\n\n<p><\/p>\n","protected":false},"excerpt":{"rendered":"<p>The EFFECTOR project was officially launched on 4 February 2025, at an opening conference held in the amphitheatre of the Institut des sciences analytiques et de physico-chimie pour l&#8217;environnement et les mat\u00e9riaux (IPREM), in Pau, France. The conference was opened by Christelle BONNEMASON-CARR\u00c8RE (Deputy Mayor of Pau) on behalf of the French Prime Minister, M. [&hellip;]<\/p>\n","protected":false},"author":1,"featured_media":668,"comment_status":"closed","ping_status":"closed","sticky":false,"template":"","format":"standard","meta":{"_acf_changed":false,"footnotes":""},"categories":[76,21],"tags":[],"class_list":["post-1248","post","type-post","status-publish","format-standard","has-post-thumbnail","hentry","category-event","category-news-events"],"acf":[],"yoast_head":"<!-- This site is optimized with the Yoast SEO plugin v27.2 - https:\/\/yoast.com\/product\/yoast-seo-wordpress\/ -->\n<title>4 and 5 February 2025, Pau, France - Effector<\/title>\n<meta name=\"robots\" content=\"index, follow, max-snippet:-1, max-image-preview:large, max-video-preview:-1\" \/>\n<link rel=\"canonical\" href=\"https:\/\/project-effector.eu\/en\/4-et-5-fevrier-2025-pau-france\/\" \/>\n<meta property=\"og:locale\" content=\"en_US\" \/>\n<meta property=\"og:type\" content=\"article\" \/>\n<meta property=\"og:title\" content=\"4 and 5 February 2025, Pau, France - Effector\" \/>\n<meta property=\"og:description\" content=\"The EFFECTOR project was officially launched on 4 February 2025, at an opening conference held in the amphitheatre of the Institut des sciences analytiques et de physico-chimie pour l&#8217;environnement et les mat\u00e9riaux (IPREM), in Pau, France. The conference was opened by Christelle BONNEMASON-CARR\u00c8RE (Deputy Mayor of Pau) on behalf of the French Prime Minister, M. [&hellip;]\" \/>\n<meta property=\"og:url\" content=\"https:\/\/project-effector.eu\/en\/4-et-5-fevrier-2025-pau-france\/\" \/>\n<meta property=\"og:site_name\" content=\"Effector\" \/>\n<meta property=\"article:published_time\" content=\"2025-03-17T09:00:50+00:00\" \/>\n<meta property=\"article:modified_time\" content=\"2025-12-04T13:09:52+00:00\" \/>\n<meta property=\"og:image\" content=\"https:\/\/project-effector.eu\/wp-content\/uploads\/2025\/02\/Image7.jpg\" \/>\n\t<meta property=\"og:image:width\" content=\"437\" \/>\n\t<meta property=\"og:image:height\" content=\"328\" \/>\n\t<meta property=\"og:image:type\" content=\"image\/jpeg\" \/>\n<meta name=\"author\" content=\"admin\" \/>\n<meta name=\"twitter:card\" content=\"summary_large_image\" \/>\n<meta name=\"twitter:label1\" content=\"Written by\" \/>\n\t<meta name=\"twitter:data1\" content=\"admin\" \/>\n\t<meta name=\"twitter:label2\" content=\"Est. reading time\" \/>\n\t<meta name=\"twitter:data2\" content=\"2 minutes\" \/>\n<script type=\"application\/ld+json\" class=\"yoast-schema-graph\">{\"@context\":\"https:\/\/schema.org\",\"@graph\":[{\"@type\":\"Article\",\"@id\":\"https:\/\/project-effector.eu\/en\/4-et-5-fevrier-2025-pau-france\/#article\",\"isPartOf\":{\"@id\":\"https:\/\/project-effector.eu\/en\/4-et-5-fevrier-2025-pau-france\/\"},\"author\":{\"name\":\"admin\",\"@id\":\"https:\/\/project-effector.eu\/en\/#\/schema\/person\/d5fe948f2ee4ae30e8780f5455ed8257\"},\"headline\":\"4 and 5 February 2025, Pau, France\",\"datePublished\":\"2025-03-17T09:00:50+00:00\",\"dateModified\":\"2025-12-04T13:09:52+00:00\",\"mainEntityOfPage\":{\"@id\":\"https:\/\/project-effector.eu\/en\/4-et-5-fevrier-2025-pau-france\/\"},\"wordCount\":250,\"publisher\":{\"@id\":\"https:\/\/project-effector.eu\/en\/#organization\"},\"image\":{\"@id\":\"https:\/\/project-effector.eu\/en\/4-et-5-fevrier-2025-pau-france\/#primaryimage\"},\"thumbnailUrl\":\"https:\/\/project-effector.eu\/wp-content\/uploads\/2025\/02\/Image7.jpg\",\"articleSection\":[\"Event\",\"News &amp; Events\"],\"inLanguage\":\"en-US\"},{\"@type\":\"WebPage\",\"@id\":\"https:\/\/project-effector.eu\/en\/4-et-5-fevrier-2025-pau-france\/\",\"url\":\"https:\/\/project-effector.eu\/en\/4-et-5-fevrier-2025-pau-france\/\",\"name\":\"4 and 5 February 2025, Pau, France - Effector\",\"isPartOf\":{\"@id\":\"https:\/\/project-effector.eu\/en\/#website\"},\"primaryImageOfPage\":{\"@id\":\"https:\/\/project-effector.eu\/en\/4-et-5-fevrier-2025-pau-france\/#primaryimage\"},\"image\":{\"@id\":\"https:\/\/project-effector.eu\/en\/4-et-5-fevrier-2025-pau-france\/#primaryimage\"},\"thumbnailUrl\":\"https:\/\/project-effector.eu\/wp-content\/uploads\/2025\/02\/Image7.jpg\",\"datePublished\":\"2025-03-17T09:00:50+00:00\",\"dateModified\":\"2025-12-04T13:09:52+00:00\",\"breadcrumb\":{\"@id\":\"https:\/\/project-effector.eu\/en\/4-et-5-fevrier-2025-pau-france\/#breadcrumb\"},\"inLanguage\":\"en-US\",\"potentialAction\":[{\"@type\":\"ReadAction\",\"target\":[\"https:\/\/project-effector.eu\/en\/4-et-5-fevrier-2025-pau-france\/\"]}]},{\"@type\":\"ImageObject\",\"inLanguage\":\"en-US\",\"@id\":\"https:\/\/project-effector.eu\/en\/4-et-5-fevrier-2025-pau-france\/#primaryimage\",\"url\":\"https:\/\/project-effector.eu\/wp-content\/uploads\/2025\/02\/Image7.jpg\",\"contentUrl\":\"https:\/\/project-effector.eu\/wp-content\/uploads\/2025\/02\/Image7.jpg\",\"width\":437,\"height\":328},{\"@type\":\"BreadcrumbList\",\"@id\":\"https:\/\/project-effector.eu\/en\/4-et-5-fevrier-2025-pau-france\/#breadcrumb\",\"itemListElement\":[{\"@type\":\"ListItem\",\"position\":1,\"name\":\"Accueil\",\"item\":\"https:\/\/project-effector.eu\/en\/\"},{\"@type\":\"ListItem\",\"position\":2,\"name\":\"4 and 5 February 2025, Pau, France\"}]},{\"@type\":\"WebSite\",\"@id\":\"https:\/\/project-effector.eu\/en\/#website\",\"url\":\"https:\/\/project-effector.eu\/en\/\",\"name\":\"Effector\",\"description\":\"\",\"publisher\":{\"@id\":\"https:\/\/project-effector.eu\/en\/#organization\"},\"potentialAction\":[{\"@type\":\"SearchAction\",\"target\":{\"@type\":\"EntryPoint\",\"urlTemplate\":\"https:\/\/project-effector.eu\/en\/?s={search_term_string}\"},\"query-input\":{\"@type\":\"PropertyValueSpecification\",\"valueRequired\":true,\"valueName\":\"search_term_string\"}}],\"inLanguage\":\"en-US\"},{\"@type\":\"Organization\",\"@id\":\"https:\/\/project-effector.eu\/en\/#organization\",\"name\":\"Effector\",\"url\":\"https:\/\/project-effector.eu\/en\/\",\"logo\":{\"@type\":\"ImageObject\",\"inLanguage\":\"en-US\",\"@id\":\"https:\/\/project-effector.eu\/en\/#\/schema\/logo\/image\/\",\"url\":\"https:\/\/project-effector.eu\/wp-content\/uploads\/2025\/01\/Logo-EFFECTOR-CMJN-FINAL.png\",\"contentUrl\":\"https:\/\/project-effector.eu\/wp-content\/uploads\/2025\/01\/Logo-EFFECTOR-CMJN-FINAL.png\",\"width\":2560,\"height\":404,\"caption\":\"Effector\"},\"image\":{\"@id\":\"https:\/\/project-effector.eu\/en\/#\/schema\/logo\/image\/\"}},{\"@type\":\"Person\",\"@id\":\"https:\/\/project-effector.eu\/en\/#\/schema\/person\/d5fe948f2ee4ae30e8780f5455ed8257\",\"name\":\"admin\",\"image\":{\"@type\":\"ImageObject\",\"inLanguage\":\"en-US\",\"@id\":\"https:\/\/secure.gravatar.com\/avatar\/5d5139b61d6b0b637f82871a9426d0cbe83868d593b1a96030db5e6551f9fc28?s=96&d=mm&r=g\",\"url\":\"https:\/\/secure.gravatar.com\/avatar\/5d5139b61d6b0b637f82871a9426d0cbe83868d593b1a96030db5e6551f9fc28?s=96&d=mm&r=g\",\"contentUrl\":\"https:\/\/secure.gravatar.com\/avatar\/5d5139b61d6b0b637f82871a9426d0cbe83868d593b1a96030db5e6551f9fc28?s=96&d=mm&r=g\",\"caption\":\"admin\"},\"sameAs\":[\"https:\/\/project-effector.eu\"],\"url\":\"https:\/\/project-effector.eu\/en\/author\/florian\/\"}]}<\/script>\n<!-- \/ Yoast SEO plugin. -->","yoast_head_json":{"title":"4 and 5 February 2025, Pau, France - Effector","robots":{"index":"index","follow":"follow","max-snippet":"max-snippet:-1","max-image-preview":"max-image-preview:large","max-video-preview":"max-video-preview:-1"},"canonical":"https:\/\/project-effector.eu\/en\/4-et-5-fevrier-2025-pau-france\/","og_locale":"en_US","og_type":"article","og_title":"4 and 5 February 2025, Pau, France - Effector","og_description":"The EFFECTOR project was officially launched on 4 February 2025, at an opening conference held in the amphitheatre of the Institut des sciences analytiques et de physico-chimie pour l&#8217;environnement et les mat\u00e9riaux (IPREM), in Pau, France. The conference was opened by Christelle BONNEMASON-CARR\u00c8RE (Deputy Mayor of Pau) on behalf of the French Prime Minister, M. [&hellip;]","og_url":"https:\/\/project-effector.eu\/en\/4-et-5-fevrier-2025-pau-france\/","og_site_name":"Effector","article_published_time":"2025-03-17T09:00:50+00:00","article_modified_time":"2025-12-04T13:09:52+00:00","og_image":[{"width":437,"height":328,"url":"https:\/\/project-effector.eu\/wp-content\/uploads\/2025\/02\/Image7.jpg","type":"image\/jpeg"}],"author":"admin","twitter_card":"summary_large_image","twitter_misc":{"Written by":"admin","Est. reading time":"2 minutes"},"schema":{"@context":"https:\/\/schema.org","@graph":[{"@type":"Article","@id":"https:\/\/project-effector.eu\/en\/4-et-5-fevrier-2025-pau-france\/#article","isPartOf":{"@id":"https:\/\/project-effector.eu\/en\/4-et-5-fevrier-2025-pau-france\/"},"author":{"name":"admin","@id":"https:\/\/project-effector.eu\/en\/#\/schema\/person\/d5fe948f2ee4ae30e8780f5455ed8257"},"headline":"4 and 5 February 2025, Pau, France","datePublished":"2025-03-17T09:00:50+00:00","dateModified":"2025-12-04T13:09:52+00:00","mainEntityOfPage":{"@id":"https:\/\/project-effector.eu\/en\/4-et-5-fevrier-2025-pau-france\/"},"wordCount":250,"publisher":{"@id":"https:\/\/project-effector.eu\/en\/#organization"},"image":{"@id":"https:\/\/project-effector.eu\/en\/4-et-5-fevrier-2025-pau-france\/#primaryimage"},"thumbnailUrl":"https:\/\/project-effector.eu\/wp-content\/uploads\/2025\/02\/Image7.jpg","articleSection":["Event","News &amp; Events"],"inLanguage":"en-US"},{"@type":"WebPage","@id":"https:\/\/project-effector.eu\/en\/4-et-5-fevrier-2025-pau-france\/","url":"https:\/\/project-effector.eu\/en\/4-et-5-fevrier-2025-pau-france\/","name":"4 and 5 February 2025, Pau, France - Effector","isPartOf":{"@id":"https:\/\/project-effector.eu\/en\/#website"},"primaryImageOfPage":{"@id":"https:\/\/project-effector.eu\/en\/4-et-5-fevrier-2025-pau-france\/#primaryimage"},"image":{"@id":"https:\/\/project-effector.eu\/en\/4-et-5-fevrier-2025-pau-france\/#primaryimage"},"thumbnailUrl":"https:\/\/project-effector.eu\/wp-content\/uploads\/2025\/02\/Image7.jpg","datePublished":"2025-03-17T09:00:50+00:00","dateModified":"2025-12-04T13:09:52+00:00","breadcrumb":{"@id":"https:\/\/project-effector.eu\/en\/4-et-5-fevrier-2025-pau-france\/#breadcrumb"},"inLanguage":"en-US","potentialAction":[{"@type":"ReadAction","target":["https:\/\/project-effector.eu\/en\/4-et-5-fevrier-2025-pau-france\/"]}]},{"@type":"ImageObject","inLanguage":"en-US","@id":"https:\/\/project-effector.eu\/en\/4-et-5-fevrier-2025-pau-france\/#primaryimage","url":"https:\/\/project-effector.eu\/wp-content\/uploads\/2025\/02\/Image7.jpg","contentUrl":"https:\/\/project-effector.eu\/wp-content\/uploads\/2025\/02\/Image7.jpg","width":437,"height":328},{"@type":"BreadcrumbList","@id":"https:\/\/project-effector.eu\/en\/4-et-5-fevrier-2025-pau-france\/#breadcrumb","itemListElement":[{"@type":"ListItem","position":1,"name":"Accueil","item":"https:\/\/project-effector.eu\/en\/"},{"@type":"ListItem","position":2,"name":"4 and 5 February 2025, Pau, France"}]},{"@type":"WebSite","@id":"https:\/\/project-effector.eu\/en\/#website","url":"https:\/\/project-effector.eu\/en\/","name":"Effector","description":"","publisher":{"@id":"https:\/\/project-effector.eu\/en\/#organization"},"potentialAction":[{"@type":"SearchAction","target":{"@type":"EntryPoint","urlTemplate":"https:\/\/project-effector.eu\/en\/?s={search_term_string}"},"query-input":{"@type":"PropertyValueSpecification","valueRequired":true,"valueName":"search_term_string"}}],"inLanguage":"en-US"},{"@type":"Organization","@id":"https:\/\/project-effector.eu\/en\/#organization","name":"Effector","url":"https:\/\/project-effector.eu\/en\/","logo":{"@type":"ImageObject","inLanguage":"en-US","@id":"https:\/\/project-effector.eu\/en\/#\/schema\/logo\/image\/","url":"https:\/\/project-effector.eu\/wp-content\/uploads\/2025\/01\/Logo-EFFECTOR-CMJN-FINAL.png","contentUrl":"https:\/\/project-effector.eu\/wp-content\/uploads\/2025\/01\/Logo-EFFECTOR-CMJN-FINAL.png","width":2560,"height":404,"caption":"Effector"},"image":{"@id":"https:\/\/project-effector.eu\/en\/#\/schema\/logo\/image\/"}},{"@type":"Person","@id":"https:\/\/project-effector.eu\/en\/#\/schema\/person\/d5fe948f2ee4ae30e8780f5455ed8257","name":"admin","image":{"@type":"ImageObject","inLanguage":"en-US","@id":"https:\/\/secure.gravatar.com\/avatar\/5d5139b61d6b0b637f82871a9426d0cbe83868d593b1a96030db5e6551f9fc28?s=96&d=mm&r=g","url":"https:\/\/secure.gravatar.com\/avatar\/5d5139b61d6b0b637f82871a9426d0cbe83868d593b1a96030db5e6551f9fc28?s=96&d=mm&r=g","contentUrl":"https:\/\/secure.gravatar.com\/avatar\/5d5139b61d6b0b637f82871a9426d0cbe83868d593b1a96030db5e6551f9fc28?s=96&d=mm&r=g","caption":"admin"},"sameAs":["https:\/\/project-effector.eu"],"url":"https:\/\/project-effector.eu\/en\/author\/florian\/"}]}},"_links":{"self":[{"href":"https:\/\/project-effector.eu\/en\/wp-json\/wp\/v2\/posts\/1248","targetHints":{"allow":["GET"]}}],"collection":[{"href":"https:\/\/project-effector.eu\/en\/wp-json\/wp\/v2\/posts"}],"about":[{"href":"https:\/\/project-effector.eu\/en\/wp-json\/wp\/v2\/types\/post"}],"author":[{"embeddable":true,"href":"https:\/\/project-effector.eu\/en\/wp-json\/wp\/v2\/users\/1"}],"replies":[{"embeddable":true,"href":"https:\/\/project-effector.eu\/en\/wp-json\/wp\/v2\/comments?post=1248"}],"version-history":[{"count":5,"href":"https:\/\/project-effector.eu\/en\/wp-json\/wp\/v2\/posts\/1248\/revisions"}],"predecessor-version":[{"id":1256,"href":"https:\/\/project-effector.eu\/en\/wp-json\/wp\/v2\/posts\/1248\/revisions\/1256"}],"wp:featuredmedia":[{"embeddable":true,"href":"https:\/\/project-effector.eu\/en\/wp-json\/wp\/v2\/media\/668"}],"wp:attachment":[{"href":"https:\/\/project-effector.eu\/en\/wp-json\/wp\/v2\/media?parent=1248"}],"wp:term":[{"taxonomy":"category","embeddable":true,"href":"https:\/\/project-effector.eu\/en\/wp-json\/wp\/v2\/categories?post=1248"},{"taxonomy":"post_tag","embeddable":true,"href":"https:\/\/project-effector.eu\/en\/wp-json\/wp\/v2\/tags?post=1248"}],"curies":[{"name":"wp","href":"https:\/\/api.w.org\/{rel}","templated":true}]}}